{"id":7638,"date":"2018-03-29T09:06:53","date_gmt":"2018-03-29T12:06:53","guid":{"rendered":"http:\/\/controversia.com.br\/?p=7638"},"modified":"2018-03-28T12:11:31","modified_gmt":"2018-03-28T15:11:31","slug":"a-educacao-como-alvo-historico-dos-golpes-de-estado","status":"publish","type":"post","link":"https:\/\/controversia.com.br\/pt\/2018\/03\/29\/a-educacao-como-alvo-historico-dos-golpes-de-estado\/","title":{"rendered":"A educa\u00e7\u00e3o como alvo hist\u00f3rico dos golpes de Estado"},"content":{"rendered":"<p><strong>Gilson Reis<\/strong> &#8211; No enfrentamento ao desmonte da educa\u00e7\u00e3o \u00e9 fundamental a participa\u00e7\u00e3o popular.<\/p>\n<p>A educa\u00e7\u00e3o \u00e9 um alvo hist\u00f3rico dos golpes de Estado no Brasil. Logo ap\u00f3s nosso primeiro Plano Nacional de Educa\u00e7\u00e3o (PNE), em 1937, houve o golpe do Estado Novo e o plano foi suspenso; em 1962, o segundo PNE, e o golpe militar de 64 o suspendeu. Agora, tr\u00eas anos ap\u00f3s a ado\u00e7\u00e3o do novo PNE, o golpe que colocou Temer na Presid\u00eancia acabou com ele, especialmente com a Emenda Constitucional (EC) 95, que congela os investimentos p\u00fablicos, especialmente para a educa\u00e7\u00e3o, por 20 anos, mas tamb\u00e9m com as medidas adotadas pelo Minist\u00e9rio da Educa\u00e7\u00e3o (MEC), como a que tirou as entidades populares \u2013 Contee inclusive \u2013 do F\u00f3rum Nacional de Educa\u00e7\u00e3o, a reforma trabalhista e o<a href=\"https:\/\/www.cartacapital.com.br\/revista\/981\/as-armadilhas-da-proposta-de-temer-para-a-previdencia\" target=\"_blank\" rel=\"noopener\">\u00a0projeto<\/a>\u00a0de reforma da Previd\u00eancia, que atingem duramente os profissionais do setor. Nossa resposta s\u00f3 pode ser a luta. A Confer\u00eancia Nacional Popular de Educa\u00e7\u00e3o, Conape, em abril pr\u00f3ximo, ser\u00e1 um momento importante de resposta aos golpistas.<\/p>\n<p><strong>Cortando na carne<\/strong><\/p>\n<p>Ao tentar vender a falsa ideia de\u00a0<a href=\"https:\/\/www.cartacapital.com.br\/revista\/962\/a-economia-como-fraude\" target=\"_blank\" rel=\"noopener\">economia<\/a>\u00a0nos gastos p\u00fablicos, o que a EC 95 fez foi tirar recursos da educa\u00e7\u00e3o, da sa\u00fade, da seguran\u00e7a p\u00fabica, da assist\u00eancia e de todas as pol\u00edticas sociais \u2014 que n\u00e3o representam despesas, e sim investimentos \u2014 para aumentar os gastos mais nocivos para uma na\u00e7\u00e3o e ben\u00e9ficos para o setor financeiro: aqueles com juros e encargos da d\u00edvida p\u00fablica.\u00a0 Ela inviabilizou o Plano Nacional de Educa\u00e7\u00e3o (PNE). Uma das metas principais do PNE, que determinava atingir 7% do PIB para o investimento na educa\u00e7\u00e3o nos primeiros cinco anos, chegando a 10% ao final do per\u00edodo de dez anos, foi, na pr\u00e1tica, revogada.<\/p>\n<p>A nova lei trabalhista, que entrou em vigor em 11 de novembro do ano passado, liquidou direitos conquistados e lan\u00e7ou os assalariados e assalariadas \u00e0 sanha do capital.\u00a0 Al\u00e9m de precarizar a situa\u00e7\u00e3o do trabalhador, ela tamb\u00e9m aumentar\u00e1 o abismo da\u00a0<a href=\"https:\/\/www.cartacapital.com.br\/sociedade\/mundo-tem-um-novo-bilionario-a-cada-dois-dias\" target=\"_blank\" rel=\"noopener\">desigualdade<\/a>\u00a0social no Brasil. D\u00e1 mais benef\u00edcios aos quem t\u00eam mais e tira de quem tem menos. A massa salarial n\u00e3o ir\u00e1 crescer, ou seja, n\u00e3o haver\u00e1 crescimento econ\u00f4mico.<\/p>\n<p>Uma decorr\u00eancia imediata do fim da Consolida\u00e7\u00e3o das Leis do Trabalho (CLT), que a reforma representou, foram as demiss\u00f5es em massa, j\u00e1 a partir de dezembro de 2017, nas universidades privadas. Foram mais de 1.200 professores da faculdade Est\u00e1cio de S\u00e1, 220 da FMU, 150 da Anhembi Morumbi, 60 da Universidade Metodista de S\u00e3o Paulo, 40 da Universidade Cat\u00f3lica de Bras\u00edlia, dentre outras.<\/p>\n<p><strong>Privatiza\u00e7\u00e3o da educa\u00e7\u00e3o p\u00fablica<\/strong><\/p>\n<p>Na Contee desenvolvemos o combate veemente \u00e0 mercantiliza\u00e7\u00e3o da educa\u00e7\u00e3o, expresso na campanha \u201cEduca\u00e7\u00e3o n\u00e3o \u00e9 mercadoria\u201d, lan\u00e7ada h\u00e1 dez anos. Nesta d\u00e9cada de campanha \u2014 e antes dela \u2014 sempre denunciamos o com\u00e9rcio educativo, focando, primeiramente, na financeiriza\u00e7\u00e3o e oligopoliza\u00e7\u00e3o do ensino superior e, nos \u00faltimos anos, nos processos de privatiza\u00e7\u00e3o que t\u00eam atingido a educa\u00e7\u00e3o b\u00e1sica.<\/p>\n<p>No Brasil temos, na grande maioria das vezes, uma educa\u00e7\u00e3o privada ofertada sem controle de qualidade e sem qualquer pol\u00edtica de carreira para os docentes e os t\u00e9cnicos administrativos, precariza\u00e7\u00e3o e falta de investimentos na estrutura. \u00c9 um imenso mercado aberto aos interesses econ\u00f4micos e financeiros. Serve a esse mercado, por exemplo, a reforma do ensino m\u00e9dio, que deixa o caminho livre para a inger\u00eancia empresarial na rede p\u00fablica. Serve tamb\u00e9m o novo Programa Nacional do Livro Did\u00e1tico (PNLD), que beneficia tanto as grandes editoras de material did\u00e1tico \u2014 onde impera o capital estrangeiro \u2014, quanto as apostilas feitas por institui\u00e7\u00f5es privadas e, muitas vezes, adotadas por estados e prefeituras sem nenhuma forma de licita\u00e7\u00e3o.<\/p>\n<p>Nos \u00faltimos anos, diversas fus\u00f5es provocaram o desaparecimento de um sem n\u00famero de pequenas editoras, ao passo que h\u00e1 uma concentra\u00e7\u00e3o cada vez maior nas m\u00e3os no capital estrangeiro \u2014 no caso, sobretudo, o capital espanhol do grupo Santillana (que j\u00e1 foi, inclusive, oferecido ao grupo Kroton).<\/p>\n<p>A educa\u00e7\u00e3o, com a coniv\u00eancia e a cumplicidade de Temer, transformou-se em simples mercadoria, de baix\u00edssima qualidade, no seu n\u00edvel superior. Este, hoje, \u00e9 dominado por grandes grupos econ\u00f4micos, sem qualquer compromisso com a constru\u00e7\u00e3o da cidadania e com o desenvolvimento social. Tais grupos, que se concentram no Kroton\/Anhanguera \u2013 com cerca de 20% de todas as matr\u00edculas -, Est\u00e1cio de S\u00e1, Ser Educacional, Anima e Unip, somente t\u00eam compromisso com o lucro farto e f\u00e1cil.<\/p>\n<p><strong>Defesa da democracia e da justi\u00e7a social<\/strong><\/p>\n<p>A Contee \u00e9 autora da A\u00e7\u00e3o Direta de Inconstitucionalidade (ADI) que suspendeu a Lei da Morda\u00e7a no Estado de Alagoas, e repudia essa e todas as tentativas de calar e censurar o magist\u00e9rio. Nossa atua\u00e7\u00e3o se d\u00e1 no combate \u00e0 criminaliza\u00e7\u00e3o de professores e professoras e na defesa de uma educa\u00e7\u00e3o verdadeiramente cr\u00edtica, democr\u00e1tica e cidad\u00e3. Projetos como essa lei, que se esconde sob o nome de \u201cEscola sem Partido\u201d, ganham espa\u00e7os em uma sociedade com fortes tra\u00e7os fascistas e em um pa\u00eds que vive em estado de exce\u00e7\u00e3o ap\u00f3s o golpe pol\u00edtico-jur\u00eddico-midi\u00e1tico na destitui\u00e7\u00e3o de um governo eleito pelo povo.<\/p>\n<p>Quando o processo de impeachment contra a presidenta Dilma Rousseff transitava no Congresso, a Contee participou do Comit\u00ea Nacional de Educa\u00e7\u00e3o Contra o Golpe \u2014 Fora Temer, em Defesa da Democracia, Nenhum Direito a Menos. A mobiliza\u00e7\u00e3o da Confedera\u00e7\u00e3o e entidades filiadas pelo Fora Temer \u00e9 permanente, desde a posse do golpista. Em visitas \u00e0s escolas, panfletagens, atos p\u00fablicos, greve e dias de luta nacionais, denunciamos as a\u00e7\u00f5es criminosas dos golpistas, como a desprofissionaliza\u00e7\u00e3o do professor, as privatiza\u00e7\u00f5es, as reformas trabalhista e da Previd\u00eancia, a mercantiliza\u00e7\u00e3o do ensino, o desmanche das pol\u00edticas sociais e das inst\u00e2ncias democr\u00e1ticas e de participa\u00e7\u00e3o popular e o direito do ex-presidente Lu\u00eds In\u00e1cio Lula da Silva ser candidato nas elei\u00e7\u00f5es de 2018. Neste ano, somamos a essas atividades a defesa do voto em candidatos a parlamentares, governadores e presidente comprometidos com os trabalhadores, a soberania, a democracia e o desenvolvimento econ\u00f4mico e social.<\/p>\n<p><strong>Um novo Brasil \u00e9 poss\u00edvel<\/strong><\/p>\n<p>A educa\u00e7\u00e3o tem papel central na constru\u00e7\u00e3o de uma na\u00e7\u00e3o democr\u00e1tica, pr\u00f3spera e solid\u00e1ria. Ensinou Rui Barbosa: \u201cTodas as leis protetoras s\u00e3o ineficazes para gerar a grandeza econ\u00f4mica do pa\u00eds; todos os melhoramentos materiais s\u00e3o incapazes de determinar a riqueza, se n\u00e3o partirem da educa\u00e7\u00e3o popular, a mais criadora de todas as for\u00e7as econ\u00f4micas, a mais fecunda de todas as medidas financeiras\u201d.<\/p>\n<p>Defendemos a educa\u00e7\u00e3o p\u00fablica e gratuita, com qualidade e car\u00e1ter cient\u00edfico, cr\u00edtico e laico. Defendemos igualmente o controle p\u00fablico sobre o ensino privado, impedindo a sua desnacionaliza\u00e7\u00e3o. A educa\u00e7\u00e3o superior tem car\u00e1ter estrat\u00e9gico, acompanhada de investimento significativo e sistem\u00e1tico em pesquisa e inova\u00e7\u00e3o. A educa\u00e7\u00e3o relacionada com o trabalho e o desenvolvimento \u00e9 fator de supera\u00e7\u00e3o da desigualdade social e o caminho para um pa\u00eds pr\u00f3spero e feliz. Um Brasil poss\u00edvel que, desejamos, esteja no centro do debate pol\u00edtico deste ano e no compromisso dos novos parlamentares, governadores e presidente eleitos.<\/p>\n<p>http:\/\/www.cartaeducacao.com.br\/artigo\/em-defesa-da-educacao-desenvolvimento-e-justica-social\/<\/p>","protected":false},"excerpt":{"rendered":"<p>Gilson Reis &#8211; No enfrentamento ao desmonte da educa\u00e7\u00e3o \u00e9 fundamental a participa\u00e7\u00e3o popular. A educa\u00e7\u00e3o \u00e9 um alvo hist\u00f3rico dos golpes de Estado no Brasil. Logo ap\u00f3s nosso primeiro Plano Nacional de Educa\u00e7\u00e3o (PNE), em 1937, houve o golpe do Estado Novo e o plano foi suspenso; em 1962, o segundo PNE, e o [&hellip;]<\/p>\n","protected":false},"author":1,"featured_media":7337,"comment_status":"open","ping_status":"open","sticky":false,"template":"","format":"standard","meta":{"_jetpack_newsletter_access":"","_jetpack_dont_email_post_to_subs":false,"_jetpack_newsletter_tier_id":0,"_jetpack_memberships_contains_paywalled_content":false,"_jetpack_feature_clip_id":0,"_jetpack_memberships_contains_paid_content":false,"footnotes":"","jetpack_publicize_message":"","jetpack_publicize_feature_enabled":true,"jetpack_social_post_already_shared":true,"jetpack_social_options":{"image_generator_settings":{"template":"highway","default_image_id":0,"font":"","enabled":false},"version":2},"jetpack_post_was_ever_published":false},"categories":[6,2],"tags":[28],"class_list":["post-7638","post","type-post","status-publish","format-standard","has-post-thumbnail","hentry","category-educacao","category-politica","tag-direita"],"yoast_head":"<!-- This site is optimized with the Yoast SEO plugin v28.4 - https:\/\/yoast.com\/product\/yoast-seo-wordpress\/ -->\n<title>A educa\u00e7\u00e3o como alvo hist\u00f3rico dos golpes de Estado - Controversia<\/title>\n<meta name=\"robots\" content=\"index, follow, max-snippet:-1, max-image-preview:large, max-video-preview:-1\" \/>\n<link rel=\"canonical\" href=\"https:\/\/controversia.com.br\/pt\/2018\/03\/29\/a-educacao-como-alvo-historico-dos-golpes-de-estado\/\" \/>\n<meta property=\"og:locale\" content=\"pt_PT\" \/>\n<meta property=\"og:type\" content=\"article\" \/>\n<meta property=\"og:title\" content=\"A educa\u00e7\u00e3o como alvo hist\u00f3rico dos golpes de Estado - Controversia\" \/>\n<meta property=\"og:description\" content=\"Gilson Reis &#8211; No enfrentamento ao desmonte da educa\u00e7\u00e3o \u00e9 fundamental a participa\u00e7\u00e3o popular. A educa\u00e7\u00e3o \u00e9 um alvo hist\u00f3rico dos golpes de Estado no Brasil. Logo ap\u00f3s nosso primeiro Plano Nacional de Educa\u00e7\u00e3o (PNE), em 1937, houve o golpe do Estado Novo e o plano foi suspenso; em 1962, o segundo PNE, e o [&hellip;]\" \/>\n<meta property=\"og:url\" content=\"https:\/\/controversia.com.br\/pt\/2018\/03\/29\/a-educacao-como-alvo-historico-dos-golpes-de-estado\/\" \/>\n<meta property=\"og:site_name\" content=\"Controversia\" \/>\n<meta property=\"article:publisher\" content=\"https:\/\/www.facebook.com\/Controversiascontemporaneas\/\" \/>\n<meta property=\"article:author\" content=\"https:\/\/www.facebook.com\/Controversiascontemporaneas\/\" \/>\n<meta property=\"article:published_time\" content=\"2018-03-29T12:06:53+00:00\" \/>\n<meta property=\"og:image\" content=\"https:\/\/controversia.com.br\/wp-content\/uploads\/2018\/02\/militar-intervencao-golpe.jpg\" \/>\n\t<meta property=\"og:image:width\" content=\"600\" \/>\n\t<meta property=\"og:image:height\" content=\"400\" \/>\n\t<meta property=\"og:image:type\" content=\"image\/jpeg\" \/>\n<meta name=\"author\" content=\"Ricardo Alvarez\" \/>\n<meta name=\"twitter:card\" content=\"summary_large_image\" \/>\n<meta name=\"twitter:creator\" content=\"@https:\/\/twitter.com\/contro_versia\" \/>\n<meta name=\"twitter:site\" content=\"@contro_versia\" \/>\n<meta name=\"twitter:label1\" content=\"Escrito por\" \/>\n\t<meta name=\"twitter:data1\" content=\"Ricardo Alvarez\" \/>\n\t<meta name=\"twitter:label2\" content=\"Tempo estimado de leitura\" \/>\n\t<meta name=\"twitter:data2\" content=\"6 minutos\" \/>\n<script type=\"application\/ld+json\" class=\"yoast-schema-graph\">{\"@context\":\"https:\\\/\\\/schema.org\",\"@graph\":[{\"@type\":\"Article\",\"@id\":\"https:\\\/\\\/controversia.com.br\\\/2018\\\/03\\\/29\\\/a-educacao-como-alvo-historico-dos-golpes-de-estado\\\/#article\",\"isPartOf\":{\"@id\":\"https:\\\/\\\/controversia.com.br\\\/2018\\\/03\\\/29\\\/a-educacao-como-alvo-historico-dos-golpes-de-estado\\\/\"},\"author\":{\"name\":\"Ricardo Alvarez\",\"@id\":\"https:\\\/\\\/controversia.com.br\\\/#\\\/schema\\\/person\\\/890416adf48f0d52618900e97e15edf2\"},\"headline\":\"A educa\u00e7\u00e3o como alvo hist\u00f3rico dos golpes de Estado\",\"datePublished\":\"2018-03-29T12:06:53+00:00\",\"mainEntityOfPage\":{\"@id\":\"https:\\\/\\\/controversia.com.br\\\/2018\\\/03\\\/29\\\/a-educacao-como-alvo-historico-dos-golpes-de-estado\\\/\"},\"wordCount\":1271,\"commentCount\":0,\"publisher\":{\"@id\":\"https:\\\/\\\/controversia.com.br\\\/#\\\/schema\\\/person\\\/890416adf48f0d52618900e97e15edf2\"},\"image\":{\"@id\":\"https:\\\/\\\/controversia.com.br\\\/2018\\\/03\\\/29\\\/a-educacao-como-alvo-historico-dos-golpes-de-estado\\\/#primaryimage\"},\"thumbnailUrl\":\"https:\\\/\\\/i0.wp.com\\\/controversia.com.br\\\/wp-content\\\/uploads\\\/2018\\\/02\\\/militar-intervencao-golpe.jpg?fit=600%2C400&ssl=1\",\"keywords\":[\"Direita\"],\"articleSection\":[\"Educa\u00e7\u00e3o\",\"Pol\u00edtica\"],\"inLanguage\":\"pt-PT\",\"potentialAction\":[{\"@type\":\"CommentAction\",\"name\":\"Comment\",\"target\":[\"https:\\\/\\\/controversia.com.br\\\/2018\\\/03\\\/29\\\/a-educacao-como-alvo-historico-dos-golpes-de-estado\\\/#respond\"]}]},{\"@type\":\"WebPage\",\"@id\":\"https:\\\/\\\/controversia.com.br\\\/2018\\\/03\\\/29\\\/a-educacao-como-alvo-historico-dos-golpes-de-estado\\\/\",\"url\":\"https:\\\/\\\/controversia.com.br\\\/2018\\\/03\\\/29\\\/a-educacao-como-alvo-historico-dos-golpes-de-estado\\\/\",\"name\":\"A educa\u00e7\u00e3o como alvo hist\u00f3rico dos golpes de Estado - Controversia\",\"isPartOf\":{\"@id\":\"https:\\\/\\\/controversia.com.br\\\/#website\"},\"primaryImageOfPage\":{\"@id\":\"https:\\\/\\\/controversia.com.br\\\/2018\\\/03\\\/29\\\/a-educacao-como-alvo-historico-dos-golpes-de-estado\\\/#primaryimage\"},\"image\":{\"@id\":\"https:\\\/\\\/controversia.com.br\\\/2018\\\/03\\\/29\\\/a-educacao-como-alvo-historico-dos-golpes-de-estado\\\/#primaryimage\"},\"thumbnailUrl\":\"https:\\\/\\\/i0.wp.com\\\/controversia.com.br\\\/wp-content\\\/uploads\\\/2018\\\/02\\\/militar-intervencao-golpe.jpg?fit=600%2C400&ssl=1\",\"datePublished\":\"2018-03-29T12:06:53+00:00\",\"breadcrumb\":{\"@id\":\"https:\\\/\\\/controversia.com.br\\\/2018\\\/03\\\/29\\\/a-educacao-como-alvo-historico-dos-golpes-de-estado\\\/#breadcrumb\"},\"inLanguage\":\"pt-PT\",\"potentialAction\":[{\"@type\":\"ReadAction\",\"target\":[\"https:\\\/\\\/controversia.com.br\\\/2018\\\/03\\\/29\\\/a-educacao-como-alvo-historico-dos-golpes-de-estado\\\/\"]}]},{\"@type\":\"ImageObject\",\"inLanguage\":\"pt-PT\",\"@id\":\"https:\\\/\\\/controversia.com.br\\\/2018\\\/03\\\/29\\\/a-educacao-como-alvo-historico-dos-golpes-de-estado\\\/#primaryimage\",\"url\":\"https:\\\/\\\/i0.wp.com\\\/controversia.com.br\\\/wp-content\\\/uploads\\\/2018\\\/02\\\/militar-intervencao-golpe.jpg?fit=600%2C400&ssl=1\",\"contentUrl\":\"https:\\\/\\\/i0.wp.com\\\/controversia.com.br\\\/wp-content\\\/uploads\\\/2018\\\/02\\\/militar-intervencao-golpe.jpg?fit=600%2C400&ssl=1\",\"width\":600,\"height\":400},{\"@type\":\"BreadcrumbList\",\"@id\":\"https:\\\/\\\/controversia.com.br\\\/2018\\\/03\\\/29\\\/a-educacao-como-alvo-historico-dos-golpes-de-estado\\\/#breadcrumb\",\"itemListElement\":[{\"@type\":\"ListItem\",\"position\":1,\"name\":\"In\u00edcio\",\"item\":\"https:\\\/\\\/controversia.com.br\\\/\"},{\"@type\":\"ListItem\",\"position\":2,\"name\":\"A educa\u00e7\u00e3o como alvo hist\u00f3rico dos golpes de Estado\"}]},{\"@type\":\"WebSite\",\"@id\":\"https:\\\/\\\/controversia.com.br\\\/#website\",\"url\":\"https:\\\/\\\/controversia.com.br\\\/\",\"name\":\"Controversia\",\"description\":\"Um site de leitura e debate\",\"publisher\":{\"@id\":\"https:\\\/\\\/controversia.com.br\\\/#\\\/schema\\\/person\\\/890416adf48f0d52618900e97e15edf2\"},\"potentialAction\":[{\"@type\":\"SearchAction\",\"target\":{\"@type\":\"EntryPoint\",\"urlTemplate\":\"https:\\\/\\\/controversia.com.br\\\/?s={search_term_string}\"},\"query-input\":{\"@type\":\"PropertyValueSpecification\",\"valueRequired\":true,\"valueName\":\"search_term_string\"}}],\"inLanguage\":\"pt-PT\"},{\"@type\":[\"Person\",\"Organization\"],\"@id\":\"https:\\\/\\\/controversia.com.br\\\/#\\\/schema\\\/person\\\/890416adf48f0d52618900e97e15edf2\",\"name\":\"Ricardo Alvarez\",\"image\":{\"@type\":\"ImageObject\",\"inLanguage\":\"pt-PT\",\"@id\":\"https:\\\/\\\/controversia.com.br\\\/wp-content\\\/uploads\\\/2020\\\/05\\\/Plano-de-Fundo-1015x1024.png\",\"url\":\"https:\\\/\\\/controversia.com.br\\\/wp-content\\\/uploads\\\/2020\\\/05\\\/Plano-de-Fundo-1015x1024.png\",\"contentUrl\":\"https:\\\/\\\/controversia.com.br\\\/wp-content\\\/uploads\\\/2020\\\/05\\\/Plano-de-Fundo-1015x1024.png\",\"width\":1015,\"height\":1024,\"caption\":\"Ricardo Alvarez\"},\"logo\":{\"@id\":\"https:\\\/\\\/controversia.com.br\\\/wp-content\\\/uploads\\\/2020\\\/05\\\/Plano-de-Fundo-1015x1024.png\"},\"description\":\"Professor, mestre em geografia urbana pela USP e criador do site Controv\u00e9rsia e escreve semanalmente.\",\"sameAs\":[\"http:\\\/\\\/controversia.com.br\",\"https:\\\/\\\/www.facebook.com\\\/Controversiascontemporaneas\\\/\",\"https:\\\/\\\/www.linkedin.com\\\/in\\\/controversia\\\/\",\"https:\\\/\\\/x.com\\\/https:\\\/\\\/twitter.com\\\/contro_versia\"]}]}<\/script>\n<!-- \/ Yoast SEO plugin. -->","yoast_head_json":{"title":"A educa\u00e7\u00e3o como alvo hist\u00f3rico dos golpes de Estado - Controversia","robots":{"index":"index","follow":"follow","max-snippet":"max-snippet:-1","max-image-preview":"max-image-preview:large","max-video-preview":"max-video-preview:-1"},"canonical":"https:\/\/controversia.com.br\/pt\/2018\/03\/29\/a-educacao-como-alvo-historico-dos-golpes-de-estado\/","og_locale":"pt_PT","og_type":"article","og_title":"A educa\u00e7\u00e3o como alvo hist\u00f3rico dos golpes de Estado - Controversia","og_description":"Gilson Reis &#8211; No enfrentamento ao desmonte da educa\u00e7\u00e3o \u00e9 fundamental a participa\u00e7\u00e3o popular. A educa\u00e7\u00e3o \u00e9 um alvo hist\u00f3rico dos golpes de Estado no Brasil. Logo ap\u00f3s nosso primeiro Plano Nacional de Educa\u00e7\u00e3o (PNE), em 1937, houve o golpe do Estado Novo e o plano foi suspenso; em 1962, o segundo PNE, e o [&hellip;]","og_url":"https:\/\/controversia.com.br\/pt\/2018\/03\/29\/a-educacao-como-alvo-historico-dos-golpes-de-estado\/","og_site_name":"Controversia","article_publisher":"https:\/\/www.facebook.com\/Controversiascontemporaneas\/","article_author":"https:\/\/www.facebook.com\/Controversiascontemporaneas\/","article_published_time":"2018-03-29T12:06:53+00:00","og_image":[{"width":600,"height":400,"url":"https:\/\/controversia.com.br\/wp-content\/uploads\/2018\/02\/militar-intervencao-golpe.jpg","type":"image\/jpeg"}],"author":"Ricardo Alvarez","twitter_card":"summary_large_image","twitter_creator":"@https:\/\/twitter.com\/contro_versia","twitter_site":"@contro_versia","twitter_misc":{"Escrito por":"Ricardo Alvarez","Tempo estimado de leitura":"6 minutos"},"schema":{"@context":"https:\/\/schema.org","@graph":[{"@type":"Article","@id":"https:\/\/controversia.com.br\/2018\/03\/29\/a-educacao-como-alvo-historico-dos-golpes-de-estado\/#article","isPartOf":{"@id":"https:\/\/controversia.com.br\/2018\/03\/29\/a-educacao-como-alvo-historico-dos-golpes-de-estado\/"},"author":{"name":"Ricardo Alvarez","@id":"https:\/\/controversia.com.br\/#\/schema\/person\/890416adf48f0d52618900e97e15edf2"},"headline":"A educa\u00e7\u00e3o como alvo hist\u00f3rico dos golpes de Estado","datePublished":"2018-03-29T12:06:53+00:00","mainEntityOfPage":{"@id":"https:\/\/controversia.com.br\/2018\/03\/29\/a-educacao-como-alvo-historico-dos-golpes-de-estado\/"},"wordCount":1271,"commentCount":0,"publisher":{"@id":"https:\/\/controversia.com.br\/#\/schema\/person\/890416adf48f0d52618900e97e15edf2"},"image":{"@id":"https:\/\/controversia.com.br\/2018\/03\/29\/a-educacao-como-alvo-historico-dos-golpes-de-estado\/#primaryimage"},"thumbnailUrl":"https:\/\/i0.wp.com\/controversia.com.br\/wp-content\/uploads\/2018\/02\/militar-intervencao-golpe.jpg?fit=600%2C400&ssl=1","keywords":["Direita"],"articleSection":["Educa\u00e7\u00e3o","Pol\u00edtica"],"inLanguage":"pt-PT","potentialAction":[{"@type":"CommentAction","name":"Comment","target":["https:\/\/controversia.com.br\/2018\/03\/29\/a-educacao-como-alvo-historico-dos-golpes-de-estado\/#respond"]}]},{"@type":"WebPage","@id":"https:\/\/controversia.com.br\/2018\/03\/29\/a-educacao-como-alvo-historico-dos-golpes-de-estado\/","url":"https:\/\/controversia.com.br\/2018\/03\/29\/a-educacao-como-alvo-historico-dos-golpes-de-estado\/","name":"A educa\u00e7\u00e3o como alvo hist\u00f3rico dos golpes de Estado - Controversia","isPartOf":{"@id":"https:\/\/controversia.com.br\/#website"},"primaryImageOfPage":{"@id":"https:\/\/controversia.com.br\/2018\/03\/29\/a-educacao-como-alvo-historico-dos-golpes-de-estado\/#primaryimage"},"image":{"@id":"https:\/\/controversia.com.br\/2018\/03\/29\/a-educacao-como-alvo-historico-dos-golpes-de-estado\/#primaryimage"},"thumbnailUrl":"https:\/\/i0.wp.com\/controversia.com.br\/wp-content\/uploads\/2018\/02\/militar-intervencao-golpe.jpg?fit=600%2C400&ssl=1","datePublished":"2018-03-29T12:06:53+00:00","breadcrumb":{"@id":"https:\/\/controversia.com.br\/2018\/03\/29\/a-educacao-como-alvo-historico-dos-golpes-de-estado\/#breadcrumb"},"inLanguage":"pt-PT","potentialAction":[{"@type":"ReadAction","target":["https:\/\/controversia.com.br\/2018\/03\/29\/a-educacao-como-alvo-historico-dos-golpes-de-estado\/"]}]},{"@type":"ImageObject","inLanguage":"pt-PT","@id":"https:\/\/controversia.com.br\/2018\/03\/29\/a-educacao-como-alvo-historico-dos-golpes-de-estado\/#primaryimage","url":"https:\/\/i0.wp.com\/controversia.com.br\/wp-content\/uploads\/2018\/02\/militar-intervencao-golpe.jpg?fit=600%2C400&ssl=1","contentUrl":"https:\/\/i0.wp.com\/controversia.com.br\/wp-content\/uploads\/2018\/02\/militar-intervencao-golpe.jpg?fit=600%2C400&ssl=1","width":600,"height":400},{"@type":"BreadcrumbList","@id":"https:\/\/controversia.com.br\/2018\/03\/29\/a-educacao-como-alvo-historico-dos-golpes-de-estado\/#breadcrumb","itemListElement":[{"@type":"ListItem","position":1,"name":"In\u00edcio","item":"https:\/\/controversia.com.br\/"},{"@type":"ListItem","position":2,"name":"A educa\u00e7\u00e3o como alvo hist\u00f3rico dos golpes de Estado"}]},{"@type":"WebSite","@id":"https:\/\/controversia.com.br\/#website","url":"https:\/\/controversia.com.br\/","name":"Controversia","description":"Um site de leitura e debate","publisher":{"@id":"https:\/\/controversia.com.br\/#\/schema\/person\/890416adf48f0d52618900e97e15edf2"},"potentialAction":[{"@type":"SearchAction","target":{"@type":"EntryPoint","urlTemplate":"https:\/\/controversia.com.br\/?s={search_term_string}"},"query-input":{"@type":"PropertyValueSpecification","valueRequired":true,"valueName":"search_term_string"}}],"inLanguage":"pt-PT"},{"@type":["Person","Organization"],"@id":"https:\/\/controversia.com.br\/#\/schema\/person\/890416adf48f0d52618900e97e15edf2","name":"Ricardo Alvarez","image":{"@type":"ImageObject","inLanguage":"pt-PT","@id":"https:\/\/controversia.com.br\/wp-content\/uploads\/2020\/05\/Plano-de-Fundo-1015x1024.png","url":"https:\/\/controversia.com.br\/wp-content\/uploads\/2020\/05\/Plano-de-Fundo-1015x1024.png","contentUrl":"https:\/\/controversia.com.br\/wp-content\/uploads\/2020\/05\/Plano-de-Fundo-1015x1024.png","width":1015,"height":1024,"caption":"Ricardo Alvarez"},"logo":{"@id":"https:\/\/controversia.com.br\/wp-content\/uploads\/2020\/05\/Plano-de-Fundo-1015x1024.png"},"description":"Professor, mestre em geografia urbana pela USP e criador do site Controv\u00e9rsia e escreve semanalmente.","sameAs":["http:\/\/controversia.com.br","https:\/\/www.facebook.com\/Controversiascontemporaneas\/","https:\/\/www.linkedin.com\/in\/controversia\/","https:\/\/x.com\/https:\/\/twitter.com\/contro_versia"]}]}},"jetpack_publicize_connections":[],"jetpack_sharing_enabled":true,"jetpack_likes_enabled":true,"jetpack-related-posts":[],"jetpack_featured_media_url":"https:\/\/i0.wp.com\/controversia.com.br\/wp-content\/uploads\/2018\/02\/militar-intervencao-golpe.jpg?fit=600%2C400&ssl=1","_links":{"self":[{"href":"https:\/\/controversia.com.br\/pt\/wp-json\/wp\/v2\/posts\/7638","targetHints":{"allow":["GET"]}}],"collection":[{"href":"https:\/\/controversia.com.br\/pt\/wp-json\/wp\/v2\/posts"}],"about":[{"href":"https:\/\/controversia.com.br\/pt\/wp-json\/wp\/v2\/types\/post"}],"author":[{"embeddable":true,"href":"https:\/\/controversia.com.br\/pt\/wp-json\/wp\/v2\/users\/1"}],"replies":[{"embeddable":true,"href":"https:\/\/controversia.com.br\/pt\/wp-json\/wp\/v2\/comments?post=7638"}],"version-history":[{"count":1,"href":"https:\/\/controversia.com.br\/pt\/wp-json\/wp\/v2\/posts\/7638\/revisions"}],"predecessor-version":[{"id":7639,"href":"https:\/\/controversia.com.br\/pt\/wp-json\/wp\/v2\/posts\/7638\/revisions\/7639"}],"wp:featuredmedia":[{"embeddable":true,"href":"https:\/\/controversia.com.br\/pt\/wp-json\/wp\/v2\/media\/7337"}],"wp:attachment":[{"href":"https:\/\/controversia.com.br\/pt\/wp-json\/wp\/v2\/media?parent=7638"}],"wp:term":[{"taxonomy":"category","embeddable":true,"href":"https:\/\/controversia.com.br\/pt\/wp-json\/wp\/v2\/categories?post=7638"},{"taxonomy":"post_tag","embeddable":true,"href":"https:\/\/controversia.com.br\/pt\/wp-json\/wp\/v2\/tags?post=7638"}],"curies":[{"name":"wp","href":"https:\/\/api.w.org\/{rel}","templated":true}]}}