{"id":4403,"date":"2017-07-07T15:38:13","date_gmt":"2017-07-07T18:38:13","guid":{"rendered":"http:\/\/controversia.com.br\/?p=4403"},"modified":"2017-07-05T11:43:14","modified_gmt":"2017-07-05T14:43:14","slug":"ter-um-lider-e-desistir-do-sistema-diz-historiador-timothy-snyder","status":"publish","type":"post","link":"https:\/\/controversia.com.br\/pt\/2017\/07\/07\/ter-um-lider-e-desistir-do-sistema-diz-historiador-timothy-snyder\/","title":{"rendered":"&#8216;Ter um l\u00edder \u00e9 desistir do sistema&#8217;, diz historiador Timothy Snyder"},"content":{"rendered":"<p><strong>Marianna Holanda<\/strong> &#8211; Seu novo livro, &#8216;Sobre a Tirania: 20 Li\u00e7\u00f5es do S\u00e9culo XX Para o Presente&#8217;, est\u00e1 sendo lan\u00e7ado no Brasil<\/p>\n<blockquote><p>Jornalista, historiador\u00a0e escritor norte-americano Timothy Snyder, autor do livro &#8216;Sobre a Tirania: 20 Li\u00e7\u00f5es do S\u00e9c. XX para o Presente&#8217;<\/p><\/blockquote>\n<p>As trincheiras da 2.\u00aa Guerra Mundial e o autoritarismo do s\u00e9culo 20 podem parecer distantes no tempo e no mapa, mas para o historiador da Universidade de Yale Timothy Snyder, fatos recentes est\u00e3o cada vez mais pr\u00f3ximos de tempos sombrios do s\u00e9culo passado. \u201cEstamos \u2018flutuando\u2019 sobre tempos dif\u00edceis\u201d, disse, em entrevista ao Ali\u00e1s. No Brasil, Snyder identificou tra\u00e7os de autoritarismo na hostiliza\u00e7\u00e3o de figura\u00e7\u00e3o pol\u00edticas em p\u00fablico e na polariza\u00e7\u00e3o do discurso \u2013 coisas que tampouco s\u00e3o exclusividade brasileira.<\/p>\n<p>\u201cA hist\u00f3ria n\u00e3o se repete, mas ensina\u201d. \u00c9 com essa frase que o especialista em totalitarismo e leste europeu come\u00e7a seu novo livro:\u00a0<em>Sobre a Tirania: 20 Li\u00e7\u00f5es do S\u00e9culo XX Para o Presente.\u00a0<\/em>No embalo do p\u00e2nico liberal p\u00f3s-vit\u00f3ria de Trump, Snyder escreveu no avi\u00e3o de volta ao Pa\u00eds as li\u00e7\u00f5es que, descompromissadamente, em uma postagem no Facebook do professor. Ap\u00f3s viralizar, acabou tomando forma de livro e meses depois do lan\u00e7amento, atingiu o topo da lista de mais vendidos do\u00a0<em>The New York Times<\/em>.<\/p>\n<p>O livro, ou \u201cmanual\u201d como ele chama, j\u00e1 est\u00e1 nas livrarias brasileiras, editado pela Companhia das Letras. Confira os principais trechos da conversa com Snyder.<\/p>\n<p><strong>Por que lembrar do s\u00e9culo 20 se \u00e9 t\u00e3o recente? \u00c9 um problema de gera\u00e7\u00e3o, o esquecimento?<\/strong><\/p>\n<p>Vou falar um generalismo: os americanos s\u00e3o muito ruins em pensar hist\u00f3ria, al\u00e9m de s\u00f3 estudarem a pr\u00f3pria hist\u00f3ria e v\u00ea-la apenas como um progresso. Pensam que, com o fim do comunismo, o capitalismo seria inevit\u00e1vel e cuidaria da democracia. Tendemos a educar as gera\u00e7\u00f5es mais jovens com pouca hist\u00f3ria, porque, nos EUA, fala-se que \u201ca hist\u00f3ria acabou\u201d. E quem n\u00e3o viveu por regimes totalit\u00e1rios tende a gostar de autoritarismos. Pessoas que nasceram em tempos democr\u00e1ticos costumam pensar que a democracia \u00e9 natural. N\u00e3o h\u00e1 nada de natural na democracia: \u00e9 dif\u00edcil, \u00e9 complicada, tem que cuidar dela.<\/p>\n<p><strong>Vimos a tirania tomar conta da Europa na mesma \u00e9poca, em v\u00e1rios pa\u00edses. Assim como na Am\u00e9rica Latina, nos anos 1970, tivemos ditaduras militares. Voc\u00ea fala em seu livro que a hist\u00f3ria n\u00e3o se repete, mas que ela pode nos ensinar uma li\u00e7\u00e3o. Ser\u00e1 que a hist\u00f3ria n\u00e3o \u00e9 c\u00edclica? Estamos vivendo um ciclo hoje?<\/strong><\/p>\n<p>Bom, eu n\u00e3o diria \u201cciclos\u201d, porque d\u00e1 a ideia de algo mec\u00e2nico, geom\u00e9trico, e sugere algo que est\u00e1 fora do nosso controle. Mas h\u00e1 tend\u00eancias, que podem se relacionar a momentos hist\u00f3ricos. Hoje estamos flutuando sobre tempos dif\u00edceis, entre pol\u00edticas plural\u00edsticas fatuais e pol\u00edticas autorit\u00e1rias. Contudo, h\u00e1 muitas possibilidades, mesmo que estejamos \u201cflutuando\u201d, \u00e9 imposs\u00edvel prever o que pode acontecer.<\/p>\n<p><strong>Desde as elei\u00e7\u00f5es, em 2014, o Brasil est\u00e1 muito polarizado. Discursos est\u00e3o cada vez mais radicais. Por que isso acontece? \u00c9 preocupante?<\/strong><\/p>\n<p>Prefiro n\u00e3o comentar o Brasil especificamente. Mas h\u00e1 uma polariza\u00e7\u00e3o generalizada no mundo e certamente \u00e9 algo para se preocupar. Hoje temos cada vez mais informa\u00e7\u00e3o polarizada: porque eu acredito nisso, vou ler apenas sobre isso, sem me preocupar com os fatos. \u00c9 o que chamam de p\u00f3s-verdade. Quem v\u00ea Fox News, s\u00f3 assiste a isso, quem l\u00ea jornais e v\u00ea CNN, est\u00e1 em um mundo completamente diferente. Temos um presidente (Trump) que acha normal destruir fatos e que, al\u00e9m de fazer coment\u00e1rios odiosos, se contradiz e descredita a m\u00eddia tradicional. \u00c9 por isso que jornalistas que fornecem informa\u00e7\u00e3o correta s\u00e3o os herois do nosso tempo. As pessoas precisam dar valor a informa\u00e7\u00f5es certas, apuradas. No futuro, governos v\u00e3o ter dar uma aten\u00e7\u00e3o especial a isso, fomentando pol\u00edtica p\u00fablicas, incentivo a comuni\u00e7\u00e3o p\u00fablica, formas de mostrar informa\u00e7\u00e3o verificada.<\/p>\n<p><strong>Aqui tivemos uma jornalista sendo hostilizada no avi\u00e3o h\u00e1 duas semanas. Em todos os lados da discuss\u00e3o, figuras pol\u00edticas t\u00eam sido hostilizadas, xingadas em p\u00fablico. \u00c9 um movimento autorit\u00e1rio?<\/strong><\/p>\n<p>N\u00e3o sei como foi esse epis\u00f3dio, n\u00e3o tenho detalhes. Mas certamente \u00e9 autorit\u00e1rio. Para que o sistema de direitos funcione, \u00e9 necess\u00e1rio que se diferencie o corpo de algu\u00e9m e suas ideias. Em um sistema autorit\u00e1rio, n\u00e3o h\u00e1 essa diferencia\u00e7\u00e3o. Isso quer dizer que n\u00e3o tenho o direito de assediar verbalmente algu\u00e9m, xingar, empurrar, fazer o que for. As pessoas devem ter o direito de andar de \u00f4nibus, avi\u00e3o, sair em locais p\u00fablicos, porque t\u00eam o direito de serem indiv\u00edduos para al\u00e9m de suas ideias.<\/p>\n<p><strong>Uma das li\u00e7\u00f5es do seu livro \u00e9: \u201cdefenda as institui\u00e7\u00f5es\u201d. O que acontece quando as pessoas desacreditam nas institui\u00e7\u00f5es e na pol\u00edtica?<\/strong><\/p>\n<p>Isso \u00e9 extremamente perigoso, at\u00e9 porque sempre h\u00e1 a pol\u00edtica, mesmo quando dizem que n\u00e3o h\u00e1. Os \u201cPais fundadores\u201d dos Estados Unidos falavam que a democracia n\u00e3o \u00e9 o melhor modelo, mas \u00e9 o menos pior. Se voc\u00ea se decide que o governo \u00e9 p\u00e9ssimo, que n\u00e3o h\u00e1 nada a se fazer, que a institui\u00e7\u00f5es n\u00e3o funcionam, surge a ideia de que um l\u00edder pode consertar tudo. Muitos americanos pensam assim, que o governo est\u00e1 quebrado e que Trump \u00e9 o l\u00edder que pode salv\u00e1-los &#8211; e essa \u00e9 a ret\u00f3rica dele tamb\u00e9m. O culto \u00e0 personalidade \u00e9 uma grande tenta\u00e7\u00e3o. Mas ter um l\u00edder \u00e9 desistir do sistema, \u00e9 delegar a manuten\u00e7\u00e3o da democracia para outra pessoa. E uma pessoa penas n\u00e3o pode substituir todo o sistema, h\u00e1 inst\u00e2ncias, institui\u00e7\u00f5es, secret\u00e5rios.<\/p>\n<p><strong>Como tem sido a rea\u00e7\u00e3o do p\u00fablico ao seu livro?\u00a0<\/strong><\/p>\n<p>Uma coisa curiosa que reparei \u00e9 que, fiz o livro pensando especialmente nos jovens, meus alunos, mas o que vi foram pessoas mais velhas, como pais e av\u00f3s, comprando os livros e dando para seus netos e filhos. Para mim, isso realmente tem sido muito positivo. Tenho recebido coment\u00e1rios de alunos meus e pessoas afora que achavam que nada importava do que fizessem ou mesmo que queriam se engajar, mas n\u00e3o sabiam como. Jovens de 20 e poucos anos, que foram criados sem hist\u00f3ria, e que est\u00e3o desistindo de simplesmente sair da faculdade e arrumar um emprego, para viajar pelos Estados Unidos e conversar com pessoas de opini\u00f5es pol\u00edticas opostas. Outros fundaram jornais alternativos ou foram trabalhar em campos de refugiados. O que as pessoas fazem importa sim e muito, em tempos como esse. Do ponto de vista de li\u00e7\u00f5es hist\u00f3ricas, momentos que demoraram anos para se desenrolar, podemos aprend\u00ea-los mais rapidamente e logo. Por isso, o livro \u00e9 um manual. As li\u00e7\u00f5es n\u00e3o v\u00eam de mim, sou apenas um tradutor, de pessoas muitos s\u00e1bias, que trouxeram esses conhecimentos.<\/p>\n<p><img data-recalc-dims=\"1\" loading=\"lazy\" decoding=\"async\" class=\"\" src=\"https:\/\/i0.wp.com\/img.estadao.com.br\/resources\/jpg\/0\/3\/1498680481230.jpg?resize=291%2C424\" alt=\"ctv-qnx-snyder-capa\" width=\"291\" height=\"424\" \/><\/p>\n<p><em>Capa do livro &#8216;Sobre a Tirania&#8217;, de Timothy Snyder<\/em><\/p>\n<p>http:\/\/alias.estadao.com.br\/noticias\/geral,ter-um-lider-e-desistir-do-sistema-diz-historiador-timothy-snyder,70001869537<\/p>","protected":false},"excerpt":{"rendered":"<p>Marianna Holanda &#8211; Seu novo livro, &#8216;Sobre a Tirania: 20 Li\u00e7\u00f5es do S\u00e9culo XX Para o Presente&#8217;, est\u00e1 sendo lan\u00e7ado no Brasil Jornalista, historiador\u00a0e escritor norte-americano Timothy Snyder, autor do livro &#8216;Sobre a Tirania: 20 Li\u00e7\u00f5es do S\u00e9c. XX para o Presente&#8217; As trincheiras da 2.\u00aa Guerra Mundial e o autoritarismo do s\u00e9culo 20 podem [&hellip;]<\/p>\n","protected":false},"author":1,"featured_media":4404,"comment_status":"open","ping_status":"open","sticky":false,"template":"","format":"standard","meta":{"_jetpack_newsletter_access":"","_jetpack_dont_email_post_to_subs":false,"_jetpack_newsletter_tier_id":0,"_jetpack_memberships_contains_paywalled_content":false,"_jetpack_feature_clip_id":0,"_jetpack_memberships_contains_paid_content":false,"footnotes":"","jetpack_publicize_message":"","jetpack_publicize_feature_enabled":true,"jetpack_social_post_already_shared":false,"jetpack_social_options":{"image_generator_settings":{"template":"highway","default_image_id":0,"font":"","enabled":false},"version":2},"jetpack_post_was_ever_published":false},"categories":[2],"tags":[],"class_list":["post-4403","post","type-post","status-publish","format-standard","has-post-thumbnail","hentry","category-politica"],"yoast_head":"<!-- This site is optimized with the Yoast SEO plugin v28.4 - https:\/\/yoast.com\/product\/yoast-seo-wordpress\/ -->\n<title>&#039;Ter um l\u00edder \u00e9 desistir do sistema&#039;, diz historiador Timothy Snyder - Controversia<\/title>\n<meta name=\"robots\" content=\"index, follow, max-snippet:-1, max-image-preview:large, max-video-preview:-1\" \/>\n<link rel=\"canonical\" href=\"https:\/\/controversia.com.br\/pt\/2017\/07\/07\/ter-um-lider-e-desistir-do-sistema-diz-historiador-timothy-snyder\/\" \/>\n<meta property=\"og:locale\" content=\"pt_PT\" \/>\n<meta property=\"og:type\" content=\"article\" \/>\n<meta property=\"og:title\" content=\"&#039;Ter um l\u00edder \u00e9 desistir do sistema&#039;, diz historiador Timothy Snyder - Controversia\" \/>\n<meta property=\"og:description\" content=\"Marianna Holanda &#8211; Seu novo livro, &#8216;Sobre a Tirania: 20 Li\u00e7\u00f5es do S\u00e9culo XX Para o Presente&#8217;, est\u00e1 sendo lan\u00e7ado no Brasil Jornalista, historiador\u00a0e escritor norte-americano Timothy Snyder, autor do livro &#8216;Sobre a Tirania: 20 Li\u00e7\u00f5es do S\u00e9c. XX para o Presente&#8217; As trincheiras da 2.\u00aa Guerra Mundial e o autoritarismo do s\u00e9culo 20 podem [&hellip;]\" \/>\n<meta property=\"og:url\" content=\"https:\/\/controversia.com.br\/pt\/2017\/07\/07\/ter-um-lider-e-desistir-do-sistema-diz-historiador-timothy-snyder\/\" \/>\n<meta property=\"og:site_name\" content=\"Controversia\" \/>\n<meta property=\"article:publisher\" content=\"https:\/\/www.facebook.com\/Controversiascontemporaneas\/\" \/>\n<meta property=\"article:author\" content=\"https:\/\/www.facebook.com\/Controversiascontemporaneas\/\" \/>\n<meta property=\"article:published_time\" content=\"2017-07-07T18:38:13+00:00\" \/>\n<meta property=\"og:image\" content=\"https:\/\/controversia.com.br\/wp-content\/uploads\/2017\/07\/2017.07.05_11h41m08s_004_.png\" \/>\n\t<meta property=\"og:image:width\" content=\"500\" \/>\n\t<meta property=\"og:image:height\" content=\"350\" \/>\n\t<meta property=\"og:image:type\" content=\"image\/png\" \/>\n<meta name=\"author\" content=\"Ricardo Alvarez\" \/>\n<meta name=\"twitter:card\" content=\"summary_large_image\" \/>\n<meta name=\"twitter:creator\" content=\"@https:\/\/twitter.com\/contro_versia\" \/>\n<meta name=\"twitter:site\" content=\"@contro_versia\" \/>\n<meta name=\"twitter:label1\" content=\"Escrito por\" \/>\n\t<meta name=\"twitter:data1\" content=\"Ricardo Alvarez\" \/>\n\t<meta name=\"twitter:label2\" content=\"Tempo estimado de leitura\" \/>\n\t<meta name=\"twitter:data2\" content=\"6 minutos\" \/>\n<script type=\"application\/ld+json\" class=\"yoast-schema-graph\">{\"@context\":\"https:\\\/\\\/schema.org\",\"@graph\":[{\"@type\":\"Article\",\"@id\":\"https:\\\/\\\/controversia.com.br\\\/2017\\\/07\\\/07\\\/ter-um-lider-e-desistir-do-sistema-diz-historiador-timothy-snyder\\\/#article\",\"isPartOf\":{\"@id\":\"https:\\\/\\\/controversia.com.br\\\/2017\\\/07\\\/07\\\/ter-um-lider-e-desistir-do-sistema-diz-historiador-timothy-snyder\\\/\"},\"author\":{\"name\":\"Ricardo Alvarez\",\"@id\":\"https:\\\/\\\/controversia.com.br\\\/#\\\/schema\\\/person\\\/890416adf48f0d52618900e97e15edf2\"},\"headline\":\"&#8216;Ter um l\u00edder \u00e9 desistir do sistema&#8217;, diz historiador Timothy Snyder\",\"datePublished\":\"2017-07-07T18:38:13+00:00\",\"mainEntityOfPage\":{\"@id\":\"https:\\\/\\\/controversia.com.br\\\/2017\\\/07\\\/07\\\/ter-um-lider-e-desistir-do-sistema-diz-historiador-timothy-snyder\\\/\"},\"wordCount\":1219,\"commentCount\":0,\"publisher\":{\"@id\":\"https:\\\/\\\/controversia.com.br\\\/#\\\/schema\\\/person\\\/890416adf48f0d52618900e97e15edf2\"},\"image\":{\"@id\":\"https:\\\/\\\/controversia.com.br\\\/2017\\\/07\\\/07\\\/ter-um-lider-e-desistir-do-sistema-diz-historiador-timothy-snyder\\\/#primaryimage\"},\"thumbnailUrl\":\"https:\\\/\\\/i0.wp.com\\\/controversia.com.br\\\/wp-content\\\/uploads\\\/2017\\\/07\\\/2017.07.05_11h41m08s_004_.png?fit=500%2C350&ssl=1\",\"articleSection\":[\"Pol\u00edtica\"],\"inLanguage\":\"pt-PT\",\"potentialAction\":[{\"@type\":\"CommentAction\",\"name\":\"Comment\",\"target\":[\"https:\\\/\\\/controversia.com.br\\\/2017\\\/07\\\/07\\\/ter-um-lider-e-desistir-do-sistema-diz-historiador-timothy-snyder\\\/#respond\"]}]},{\"@type\":\"WebPage\",\"@id\":\"https:\\\/\\\/controversia.com.br\\\/2017\\\/07\\\/07\\\/ter-um-lider-e-desistir-do-sistema-diz-historiador-timothy-snyder\\\/\",\"url\":\"https:\\\/\\\/controversia.com.br\\\/2017\\\/07\\\/07\\\/ter-um-lider-e-desistir-do-sistema-diz-historiador-timothy-snyder\\\/\",\"name\":\"'Ter um l\u00edder \u00e9 desistir do sistema', diz historiador Timothy Snyder - Controversia\",\"isPartOf\":{\"@id\":\"https:\\\/\\\/controversia.com.br\\\/#website\"},\"primaryImageOfPage\":{\"@id\":\"https:\\\/\\\/controversia.com.br\\\/2017\\\/07\\\/07\\\/ter-um-lider-e-desistir-do-sistema-diz-historiador-timothy-snyder\\\/#primaryimage\"},\"image\":{\"@id\":\"https:\\\/\\\/controversia.com.br\\\/2017\\\/07\\\/07\\\/ter-um-lider-e-desistir-do-sistema-diz-historiador-timothy-snyder\\\/#primaryimage\"},\"thumbnailUrl\":\"https:\\\/\\\/i0.wp.com\\\/controversia.com.br\\\/wp-content\\\/uploads\\\/2017\\\/07\\\/2017.07.05_11h41m08s_004_.png?fit=500%2C350&ssl=1\",\"datePublished\":\"2017-07-07T18:38:13+00:00\",\"breadcrumb\":{\"@id\":\"https:\\\/\\\/controversia.com.br\\\/2017\\\/07\\\/07\\\/ter-um-lider-e-desistir-do-sistema-diz-historiador-timothy-snyder\\\/#breadcrumb\"},\"inLanguage\":\"pt-PT\",\"potentialAction\":[{\"@type\":\"ReadAction\",\"target\":[\"https:\\\/\\\/controversia.com.br\\\/2017\\\/07\\\/07\\\/ter-um-lider-e-desistir-do-sistema-diz-historiador-timothy-snyder\\\/\"]}]},{\"@type\":\"ImageObject\",\"inLanguage\":\"pt-PT\",\"@id\":\"https:\\\/\\\/controversia.com.br\\\/2017\\\/07\\\/07\\\/ter-um-lider-e-desistir-do-sistema-diz-historiador-timothy-snyder\\\/#primaryimage\",\"url\":\"https:\\\/\\\/i0.wp.com\\\/controversia.com.br\\\/wp-content\\\/uploads\\\/2017\\\/07\\\/2017.07.05_11h41m08s_004_.png?fit=500%2C350&ssl=1\",\"contentUrl\":\"https:\\\/\\\/i0.wp.com\\\/controversia.com.br\\\/wp-content\\\/uploads\\\/2017\\\/07\\\/2017.07.05_11h41m08s_004_.png?fit=500%2C350&ssl=1\",\"width\":500,\"height\":350},{\"@type\":\"BreadcrumbList\",\"@id\":\"https:\\\/\\\/controversia.com.br\\\/2017\\\/07\\\/07\\\/ter-um-lider-e-desistir-do-sistema-diz-historiador-timothy-snyder\\\/#breadcrumb\",\"itemListElement\":[{\"@type\":\"ListItem\",\"position\":1,\"name\":\"In\u00edcio\",\"item\":\"https:\\\/\\\/controversia.com.br\\\/\"},{\"@type\":\"ListItem\",\"position\":2,\"name\":\"&#8216;Ter um l\u00edder \u00e9 desistir do sistema&#8217;, diz historiador Timothy Snyder\"}]},{\"@type\":\"WebSite\",\"@id\":\"https:\\\/\\\/controversia.com.br\\\/#website\",\"url\":\"https:\\\/\\\/controversia.com.br\\\/\",\"name\":\"Controversia\",\"description\":\"Um site de leitura e debate\",\"publisher\":{\"@id\":\"https:\\\/\\\/controversia.com.br\\\/#\\\/schema\\\/person\\\/890416adf48f0d52618900e97e15edf2\"},\"potentialAction\":[{\"@type\":\"SearchAction\",\"target\":{\"@type\":\"EntryPoint\",\"urlTemplate\":\"https:\\\/\\\/controversia.com.br\\\/?s={search_term_string}\"},\"query-input\":{\"@type\":\"PropertyValueSpecification\",\"valueRequired\":true,\"valueName\":\"search_term_string\"}}],\"inLanguage\":\"pt-PT\"},{\"@type\":[\"Person\",\"Organization\"],\"@id\":\"https:\\\/\\\/controversia.com.br\\\/#\\\/schema\\\/person\\\/890416adf48f0d52618900e97e15edf2\",\"name\":\"Ricardo Alvarez\",\"image\":{\"@type\":\"ImageObject\",\"inLanguage\":\"pt-PT\",\"@id\":\"https:\\\/\\\/controversia.com.br\\\/wp-content\\\/uploads\\\/2020\\\/05\\\/Plano-de-Fundo-1015x1024.png\",\"url\":\"https:\\\/\\\/controversia.com.br\\\/wp-content\\\/uploads\\\/2020\\\/05\\\/Plano-de-Fundo-1015x1024.png\",\"contentUrl\":\"https:\\\/\\\/controversia.com.br\\\/wp-content\\\/uploads\\\/2020\\\/05\\\/Plano-de-Fundo-1015x1024.png\",\"width\":1015,\"height\":1024,\"caption\":\"Ricardo Alvarez\"},\"logo\":{\"@id\":\"https:\\\/\\\/controversia.com.br\\\/wp-content\\\/uploads\\\/2020\\\/05\\\/Plano-de-Fundo-1015x1024.png\"},\"description\":\"Professor, mestre em geografia urbana pela USP e criador do site Controv\u00e9rsia e escreve semanalmente.\",\"sameAs\":[\"http:\\\/\\\/controversia.com.br\",\"https:\\\/\\\/www.facebook.com\\\/Controversiascontemporaneas\\\/\",\"https:\\\/\\\/www.linkedin.com\\\/in\\\/controversia\\\/\",\"https:\\\/\\\/x.com\\\/https:\\\/\\\/twitter.com\\\/contro_versia\"]}]}<\/script>\n<!-- \/ Yoast SEO plugin. -->","yoast_head_json":{"title":"'Ter um l\u00edder \u00e9 desistir do sistema', diz historiador Timothy Snyder - Controversia","robots":{"index":"index","follow":"follow","max-snippet":"max-snippet:-1","max-image-preview":"max-image-preview:large","max-video-preview":"max-video-preview:-1"},"canonical":"https:\/\/controversia.com.br\/pt\/2017\/07\/07\/ter-um-lider-e-desistir-do-sistema-diz-historiador-timothy-snyder\/","og_locale":"pt_PT","og_type":"article","og_title":"'Ter um l\u00edder \u00e9 desistir do sistema', diz historiador Timothy Snyder - Controversia","og_description":"Marianna Holanda &#8211; Seu novo livro, &#8216;Sobre a Tirania: 20 Li\u00e7\u00f5es do S\u00e9culo XX Para o Presente&#8217;, est\u00e1 sendo lan\u00e7ado no Brasil Jornalista, historiador\u00a0e escritor norte-americano Timothy Snyder, autor do livro &#8216;Sobre a Tirania: 20 Li\u00e7\u00f5es do S\u00e9c. XX para o Presente&#8217; As trincheiras da 2.\u00aa Guerra Mundial e o autoritarismo do s\u00e9culo 20 podem [&hellip;]","og_url":"https:\/\/controversia.com.br\/pt\/2017\/07\/07\/ter-um-lider-e-desistir-do-sistema-diz-historiador-timothy-snyder\/","og_site_name":"Controversia","article_publisher":"https:\/\/www.facebook.com\/Controversiascontemporaneas\/","article_author":"https:\/\/www.facebook.com\/Controversiascontemporaneas\/","article_published_time":"2017-07-07T18:38:13+00:00","og_image":[{"width":500,"height":350,"url":"https:\/\/controversia.com.br\/wp-content\/uploads\/2017\/07\/2017.07.05_11h41m08s_004_.png","type":"image\/png"}],"author":"Ricardo Alvarez","twitter_card":"summary_large_image","twitter_creator":"@https:\/\/twitter.com\/contro_versia","twitter_site":"@contro_versia","twitter_misc":{"Escrito por":"Ricardo Alvarez","Tempo estimado de leitura":"6 minutos"},"schema":{"@context":"https:\/\/schema.org","@graph":[{"@type":"Article","@id":"https:\/\/controversia.com.br\/2017\/07\/07\/ter-um-lider-e-desistir-do-sistema-diz-historiador-timothy-snyder\/#article","isPartOf":{"@id":"https:\/\/controversia.com.br\/2017\/07\/07\/ter-um-lider-e-desistir-do-sistema-diz-historiador-timothy-snyder\/"},"author":{"name":"Ricardo Alvarez","@id":"https:\/\/controversia.com.br\/#\/schema\/person\/890416adf48f0d52618900e97e15edf2"},"headline":"&#8216;Ter um l\u00edder \u00e9 desistir do sistema&#8217;, diz historiador Timothy Snyder","datePublished":"2017-07-07T18:38:13+00:00","mainEntityOfPage":{"@id":"https:\/\/controversia.com.br\/2017\/07\/07\/ter-um-lider-e-desistir-do-sistema-diz-historiador-timothy-snyder\/"},"wordCount":1219,"commentCount":0,"publisher":{"@id":"https:\/\/controversia.com.br\/#\/schema\/person\/890416adf48f0d52618900e97e15edf2"},"image":{"@id":"https:\/\/controversia.com.br\/2017\/07\/07\/ter-um-lider-e-desistir-do-sistema-diz-historiador-timothy-snyder\/#primaryimage"},"thumbnailUrl":"https:\/\/i0.wp.com\/controversia.com.br\/wp-content\/uploads\/2017\/07\/2017.07.05_11h41m08s_004_.png?fit=500%2C350&ssl=1","articleSection":["Pol\u00edtica"],"inLanguage":"pt-PT","potentialAction":[{"@type":"CommentAction","name":"Comment","target":["https:\/\/controversia.com.br\/2017\/07\/07\/ter-um-lider-e-desistir-do-sistema-diz-historiador-timothy-snyder\/#respond"]}]},{"@type":"WebPage","@id":"https:\/\/controversia.com.br\/2017\/07\/07\/ter-um-lider-e-desistir-do-sistema-diz-historiador-timothy-snyder\/","url":"https:\/\/controversia.com.br\/2017\/07\/07\/ter-um-lider-e-desistir-do-sistema-diz-historiador-timothy-snyder\/","name":"'Ter um l\u00edder \u00e9 desistir do sistema', diz historiador Timothy Snyder - Controversia","isPartOf":{"@id":"https:\/\/controversia.com.br\/#website"},"primaryImageOfPage":{"@id":"https:\/\/controversia.com.br\/2017\/07\/07\/ter-um-lider-e-desistir-do-sistema-diz-historiador-timothy-snyder\/#primaryimage"},"image":{"@id":"https:\/\/controversia.com.br\/2017\/07\/07\/ter-um-lider-e-desistir-do-sistema-diz-historiador-timothy-snyder\/#primaryimage"},"thumbnailUrl":"https:\/\/i0.wp.com\/controversia.com.br\/wp-content\/uploads\/2017\/07\/2017.07.05_11h41m08s_004_.png?fit=500%2C350&ssl=1","datePublished":"2017-07-07T18:38:13+00:00","breadcrumb":{"@id":"https:\/\/controversia.com.br\/2017\/07\/07\/ter-um-lider-e-desistir-do-sistema-diz-historiador-timothy-snyder\/#breadcrumb"},"inLanguage":"pt-PT","potentialAction":[{"@type":"ReadAction","target":["https:\/\/controversia.com.br\/2017\/07\/07\/ter-um-lider-e-desistir-do-sistema-diz-historiador-timothy-snyder\/"]}]},{"@type":"ImageObject","inLanguage":"pt-PT","@id":"https:\/\/controversia.com.br\/2017\/07\/07\/ter-um-lider-e-desistir-do-sistema-diz-historiador-timothy-snyder\/#primaryimage","url":"https:\/\/i0.wp.com\/controversia.com.br\/wp-content\/uploads\/2017\/07\/2017.07.05_11h41m08s_004_.png?fit=500%2C350&ssl=1","contentUrl":"https:\/\/i0.wp.com\/controversia.com.br\/wp-content\/uploads\/2017\/07\/2017.07.05_11h41m08s_004_.png?fit=500%2C350&ssl=1","width":500,"height":350},{"@type":"BreadcrumbList","@id":"https:\/\/controversia.com.br\/2017\/07\/07\/ter-um-lider-e-desistir-do-sistema-diz-historiador-timothy-snyder\/#breadcrumb","itemListElement":[{"@type":"ListItem","position":1,"name":"In\u00edcio","item":"https:\/\/controversia.com.br\/"},{"@type":"ListItem","position":2,"name":"&#8216;Ter um l\u00edder \u00e9 desistir do sistema&#8217;, diz historiador Timothy Snyder"}]},{"@type":"WebSite","@id":"https:\/\/controversia.com.br\/#website","url":"https:\/\/controversia.com.br\/","name":"Controversia","description":"Um site de leitura e debate","publisher":{"@id":"https:\/\/controversia.com.br\/#\/schema\/person\/890416adf48f0d52618900e97e15edf2"},"potentialAction":[{"@type":"SearchAction","target":{"@type":"EntryPoint","urlTemplate":"https:\/\/controversia.com.br\/?s={search_term_string}"},"query-input":{"@type":"PropertyValueSpecification","valueRequired":true,"valueName":"search_term_string"}}],"inLanguage":"pt-PT"},{"@type":["Person","Organization"],"@id":"https:\/\/controversia.com.br\/#\/schema\/person\/890416adf48f0d52618900e97e15edf2","name":"Ricardo Alvarez","image":{"@type":"ImageObject","inLanguage":"pt-PT","@id":"https:\/\/controversia.com.br\/wp-content\/uploads\/2020\/05\/Plano-de-Fundo-1015x1024.png","url":"https:\/\/controversia.com.br\/wp-content\/uploads\/2020\/05\/Plano-de-Fundo-1015x1024.png","contentUrl":"https:\/\/controversia.com.br\/wp-content\/uploads\/2020\/05\/Plano-de-Fundo-1015x1024.png","width":1015,"height":1024,"caption":"Ricardo Alvarez"},"logo":{"@id":"https:\/\/controversia.com.br\/wp-content\/uploads\/2020\/05\/Plano-de-Fundo-1015x1024.png"},"description":"Professor, mestre em geografia urbana pela USP e criador do site Controv\u00e9rsia e escreve semanalmente.","sameAs":["http:\/\/controversia.com.br","https:\/\/www.facebook.com\/Controversiascontemporaneas\/","https:\/\/www.linkedin.com\/in\/controversia\/","https:\/\/x.com\/https:\/\/twitter.com\/contro_versia"]}]}},"jetpack_publicize_connections":[],"jetpack_sharing_enabled":true,"jetpack_likes_enabled":true,"jetpack-related-posts":[],"jetpack_featured_media_url":"https:\/\/i0.wp.com\/controversia.com.br\/wp-content\/uploads\/2017\/07\/2017.07.05_11h41m08s_004_.png?fit=500%2C350&ssl=1","_links":{"self":[{"href":"https:\/\/controversia.com.br\/pt\/wp-json\/wp\/v2\/posts\/4403","targetHints":{"allow":["GET"]}}],"collection":[{"href":"https:\/\/controversia.com.br\/pt\/wp-json\/wp\/v2\/posts"}],"about":[{"href":"https:\/\/controversia.com.br\/pt\/wp-json\/wp\/v2\/types\/post"}],"author":[{"embeddable":true,"href":"https:\/\/controversia.com.br\/pt\/wp-json\/wp\/v2\/users\/1"}],"replies":[{"embeddable":true,"href":"https:\/\/controversia.com.br\/pt\/wp-json\/wp\/v2\/comments?post=4403"}],"version-history":[{"count":2,"href":"https:\/\/controversia.com.br\/pt\/wp-json\/wp\/v2\/posts\/4403\/revisions"}],"predecessor-version":[{"id":4406,"href":"https:\/\/controversia.com.br\/pt\/wp-json\/wp\/v2\/posts\/4403\/revisions\/4406"}],"wp:featuredmedia":[{"embeddable":true,"href":"https:\/\/controversia.com.br\/pt\/wp-json\/wp\/v2\/media\/4404"}],"wp:attachment":[{"href":"https:\/\/controversia.com.br\/pt\/wp-json\/wp\/v2\/media?parent=4403"}],"wp:term":[{"taxonomy":"category","embeddable":true,"href":"https:\/\/controversia.com.br\/pt\/wp-json\/wp\/v2\/categories?post=4403"},{"taxonomy":"post_tag","embeddable":true,"href":"https:\/\/controversia.com.br\/pt\/wp-json\/wp\/v2\/tags?post=4403"}],"curies":[{"name":"wp","href":"https:\/\/api.w.org\/{rel}","templated":true}]}}