{"id":25352,"date":"2026-09-01T12:19:49","date_gmt":"2026-09-01T15:19:49","guid":{"rendered":"https:\/\/controversia.com.br\/?p=25352"},"modified":"2026-08-31T12:25:54","modified_gmt":"2026-08-31T15:25:54","slug":"agua-o-enganoso-mito-da-escassez","status":"publish","type":"post","link":"https:\/\/controversia.com.br\/pt\/2026\/09\/01\/agua-o-enganoso-mito-da-escassez\/","title":{"rendered":"\u00c1gua: o enganoso mito da Escassez"},"content":{"rendered":"<p><strong>Hugo Oliveira<\/strong> &#8211; Diante do risco de crise h\u00eddrica em SP, diretor da Sabesp alega que empresa \u201cn\u00e3o fabrica\u201d o l\u00edquido. Por que a frase \u00e9 apenas uma meia verdade? O que ela tenta esconder sobre as responsabilidades da companhia, abandonada no p\u00f3s-privatiza\u00e7\u00e3o pela busca do lucro m\u00e1ximo?<\/p>\n<p class=\"wp-block-paragraph\">Recentemente, uma declara\u00e7\u00e3o do diretor regional da Sabesp, Marco Barros, ecoou como um lembrete inc\u00f4modo da vis\u00e3o limitada que ainda domina o setor de saneamento: \u201cN\u00f3s n\u00e3o fabricamos a \u00e1gua, a gente trata a \u00e1gua\u201d. \u00c0 primeira vista, a frase parece um racioc\u00ednio l\u00f3gico inquestion\u00e1vel \u2014 afinal, a ci\u00eancia ainda n\u00e3o sintetiza H\u00b2O em escala industrial. No entanto, sob a \u00f3tica da gest\u00e3o p\u00fablica e ambiental, essa afirma\u00e7\u00e3o \u00e9 uma perigosa meia-verdade que mascara a omiss\u00e3o institucional frente \u00e0 seguran\u00e7a h\u00eddrica.<\/p>\n<p class=\"wp-block-paragraph\">Se \u00e9 verdade que n\u00e3o \u201cfabricamos\u201d mol\u00e9culas, \u00e9 igualmente verdade que uma concession\u00e1ria moderna tem o dever de \u201cproduzir\u201d disponibilidade h\u00eddrica. Isso se faz com\u00a0<em>infraestrutura verde<\/em>. Quando uma empresa negligencia o reflorestamento de nascentes e a recupera\u00e7\u00e3o de matas ciliares, ela est\u00e1, por omiss\u00e3o, destruindo sua pr\u00f3pria mat\u00e9ria-prima.<\/p>\n<p class=\"wp-block-paragraph\">As florestas funcionam como a \u201clinha de montagem\u201d da \u00e1gua: elas garantem a infiltra\u00e7\u00e3o da chuva no solo, alimentam os len\u00e7\u00f3is fre\u00e1ticos e mant\u00eam a vaz\u00e3o dos rios em per\u00edodos de seca. Sem o verde, a chuva que cai sobre o Sistema Cantareira escorre rapidamente, carregando sedimentos que assoreiam os reservat\u00f3rios e elevam os custos de tratamento. Dizer que \u201cdependemos das chuvas\u201d sem investir na capacidade do solo de ret\u00ea-las \u00e9 como um administrador de estoque que culpa a f\u00e1brica pela falta de produtos, enquanto deixa as portas do armaz\u00e9m escancaradas para o desperd\u00edcio.<\/p>\n<p class=\"wp-block-heading\"><strong>O Ralo da Privatiza\u00e7\u00e3o<\/strong><\/p>\n<p class=\"wp-block-paragraph\">A falha na \u201cfabrica\u00e7\u00e3o\u201d de \u00e1gua torna-se ainda mais grave quando olhamos para as redes de distribui\u00e7\u00e3o. A efici\u00eancia \u00e9 a forma mais barata e r\u00e1pida de gerar \u00e1gua nova no sistema. Contudo, o que se observa na era da gest\u00e3o privada da Sabesp \u00e9 uma contradi\u00e7\u00e3o alarmante entre lucros recordes e indicadores operacionais decadentes.<\/p>\n<p class=\"wp-block-paragraph\">Dados recentes apontam que, no primeiro ano ap\u00f3s a desestatiza\u00e7\u00e3o, a retirada de \u00e1gua dos reservat\u00f3rios aumentou cerca de\u00a0<em>10%<\/em>\u00a0(de 66 m\u00b3\/s para 72 m\u00b3\/s), um salto que n\u00e3o encontra justificativa no crescimento populacional ou na expans\u00e3o da rede. O que esses n\u00fameros sugerem \u00e9 um aumento dr\u00e1stico nas\u00a0<em>perdas f\u00edsicas.<\/em>\u00a0Enquanto a companhia celebrou um lucro l\u00edquido de\u00a0<em>R$ 1,96 bilh\u00e3o\u00a0<\/em>apenas no segundo trimestre de 2025, quase um ter\u00e7o de toda a \u00e1gua tratada (cerca de\u00a0<em>29,4%)<\/em>\u00a0se perde em vazamentos antes de chegar ao consumidor.<\/p>\n<p class=\"wp-block-paragraph\">Essa inefici\u00eancia tem ra\u00edzes claras. A substitui\u00e7\u00e3o de quadros t\u00e9cnicos experientes por m\u00e3o de obra terceirizada e menos remunerada \u2014 uma estrat\u00e9gia comum para inflar dividendos a curto prazo \u2014 resulta em uma resposta lenta a rompimentos de adutoras e manuten\u00e7\u00f5es preventivas falhas.<\/p>\n<p class=\"wp-block-heading\"><strong>A responsabilidade al\u00e9m do lucro<\/strong><\/p>\n<p class=\"wp-block-paragraph\">Uma concession\u00e1ria de saneamento n\u00e3o pode se comportar como uma mera revendedora de um recurso finito. Ela deve ser a guardi\u00e3 do ciclo hidrol\u00f3gico. Isso exige:<\/p>\n<p class=\"wp-block-paragraph\"><strong>Investimento em Natureza:<\/strong>\u00a0Reflorestar nascentes n\u00e3o \u00e9 \u201ccusto ambiental\u201d, \u00e9 investimento em produ\u00e7\u00e3o de \u00e1gua.<\/p>\n<p class=\"wp-block-paragraph\"><strong>Blindagem Sanit\u00e1ria:<\/strong>\u00a0Evitar a contamina\u00e7\u00e3o dos mananciais para que o tratamento seja uma etapa de seguran\u00e7a, n\u00e3o um milagre qu\u00edmico sobre \u00e1gua morta.<\/p>\n<p class=\"wp-block-paragraph\"><strong>Zelo Operacional:<\/strong>\u00a0\u00c9 eticamente inaceit\u00e1vel pedir economia ao cidad\u00e3o enquanto a empresa permite que bilh\u00f5es de litros escorram pelo asfalto devido \u00e0 falta de manuten\u00e7\u00e3o.<\/p>\n<p class=\"wp-block-paragraph\">A \u00e1gua n\u00e3o cai do c\u00e9u apenas como chuva; ela emerge da terra que \u00e9 bem cuidada e chega \u00e0s torneiras atrav\u00e9s de canos que n\u00e3o vazam. Enquanto a gest\u00e3o focar apenas no balan\u00e7o financeiro e na \u201cdan\u00e7a da chuva\u201d, continuaremos ref\u00e9ns de crises que poderiam ser evitadas. A Sabesp pode n\u00e3o fabricar a \u00e1gua, mas tem total responsabilidade sobre o fato de ela estar desaparecendo.<\/p>\n<p>Fonte: \u00c1gua: o enganoso mito da Escassez | Outras Palavras &#8211; Link da mat\u00e9ria: https:\/\/outraspalavras.net\/alemdamercadoria\/agua-o-enganoso-mito-da-escassez\/<\/p>","protected":false},"excerpt":{"rendered":"<p>Hugo Oliveira &#8211; Diante do risco de crise h\u00eddrica em SP, diretor da Sabesp alega que empresa \u201cn\u00e3o fabrica\u201d o l\u00edquido. Por que a frase \u00e9 apenas uma meia verdade? O que ela tenta esconder sobre as responsabilidades da companhia, abandonada no p\u00f3s-privatiza\u00e7\u00e3o pela busca do lucro m\u00e1ximo? Recentemente, uma declara\u00e7\u00e3o do diretor regional da [&hellip;]<\/p>\n","protected":false},"author":1,"featured_media":19785,"comment_status":"open","ping_status":"open","sticky":false,"template":"","format":"standard","meta":{"_jetpack_newsletter_access":"","_jetpack_dont_email_post_to_subs":false,"_jetpack_newsletter_tier_id":0,"_jetpack_memberships_contains_paywalled_content":false,"_jetpack_feature_clip_id":0,"_jetpack_memberships_contains_paid_content":false,"footnotes":"","jetpack_publicize_message":"","jetpack_publicize_feature_enabled":true,"jetpack_social_post_already_shared":true,"jetpack_social_options":{"image_generator_settings":{"template":"highway","default_image_id":0,"font":"","enabled":false},"version":2},"jetpack_post_was_ever_published":false},"categories":[10],"tags":[73],"class_list":["post-25352","post","type-post","status-publish","format-standard","has-post-thumbnail","hentry","category-meio-ambiente","tag-poluicao"],"yoast_head":"<!-- This site is optimized with the Yoast SEO plugin v28.4 - https:\/\/yoast.com\/product\/yoast-seo-wordpress\/ -->\n<title>\u00c1gua: o enganoso mito da Escassez - Controversia<\/title>\n<meta name=\"robots\" content=\"index, follow, max-snippet:-1, max-image-preview:large, max-video-preview:-1\" \/>\n<link rel=\"canonical\" href=\"https:\/\/controversia.com.br\/pt\/2026\/09\/01\/agua-o-enganoso-mito-da-escassez\/\" \/>\n<meta property=\"og:locale\" content=\"pt_PT\" \/>\n<meta property=\"og:type\" content=\"article\" \/>\n<meta property=\"og:title\" content=\"\u00c1gua: o enganoso mito da Escassez - Controversia\" \/>\n<meta property=\"og:description\" content=\"Hugo Oliveira &#8211; Diante do risco de crise h\u00eddrica em SP, diretor da Sabesp alega que empresa \u201cn\u00e3o fabrica\u201d o l\u00edquido. Por que a frase \u00e9 apenas uma meia verdade? O que ela tenta esconder sobre as responsabilidades da companhia, abandonada no p\u00f3s-privatiza\u00e7\u00e3o pela busca do lucro m\u00e1ximo? Recentemente, uma declara\u00e7\u00e3o do diretor regional da [&hellip;]\" \/>\n<meta property=\"og:url\" content=\"https:\/\/controversia.com.br\/pt\/2026\/09\/01\/agua-o-enganoso-mito-da-escassez\/\" \/>\n<meta property=\"og:site_name\" content=\"Controversia\" \/>\n<meta property=\"article:publisher\" content=\"https:\/\/www.facebook.com\/Controversiascontemporaneas\/\" \/>\n<meta property=\"article:author\" content=\"https:\/\/www.facebook.com\/Controversiascontemporaneas\/\" \/>\n<meta property=\"article:published_time\" content=\"2026-09-01T15:19:49+00:00\" \/>\n<meta property=\"og:image\" content=\"https:\/\/i0.wp.com\/controversia.com.br\/wp-content\/uploads\/2023\/08\/privatizacao-saneamento-agua-esgoto.jpg?fit=1000%2C593&ssl=1\" \/>\n\t<meta property=\"og:image:width\" content=\"1000\" \/>\n\t<meta property=\"og:image:height\" content=\"593\" \/>\n\t<meta property=\"og:image:type\" content=\"image\/jpeg\" \/>\n<meta name=\"author\" content=\"Ricardo Alvarez\" \/>\n<meta name=\"twitter:card\" content=\"summary_large_image\" \/>\n<meta name=\"twitter:creator\" content=\"@https:\/\/twitter.com\/contro_versia\" \/>\n<meta name=\"twitter:site\" content=\"@contro_versia\" \/>\n<meta name=\"twitter:label1\" content=\"Escrito por\" \/>\n\t<meta name=\"twitter:data1\" content=\"Ricardo Alvarez\" \/>\n\t<meta name=\"twitter:label2\" content=\"Tempo estimado de leitura\" \/>\n\t<meta name=\"twitter:data2\" content=\"4 minutos\" \/>\n<script type=\"application\/ld+json\" class=\"yoast-schema-graph\">{\"@context\":\"https:\\\/\\\/schema.org\",\"@graph\":[{\"@type\":\"Article\",\"@id\":\"https:\\\/\\\/controversia.com.br\\\/2026\\\/09\\\/01\\\/agua-o-enganoso-mito-da-escassez\\\/#article\",\"isPartOf\":{\"@id\":\"https:\\\/\\\/controversia.com.br\\\/2026\\\/09\\\/01\\\/agua-o-enganoso-mito-da-escassez\\\/\"},\"author\":{\"name\":\"Ricardo Alvarez\",\"@id\":\"https:\\\/\\\/controversia.com.br\\\/#\\\/schema\\\/person\\\/890416adf48f0d52618900e97e15edf2\"},\"headline\":\"\u00c1gua: o enganoso mito da Escassez\",\"datePublished\":\"2026-09-01T15:19:49+00:00\",\"mainEntityOfPage\":{\"@id\":\"https:\\\/\\\/controversia.com.br\\\/2026\\\/09\\\/01\\\/agua-o-enganoso-mito-da-escassez\\\/\"},\"wordCount\":717,\"commentCount\":0,\"publisher\":{\"@id\":\"https:\\\/\\\/controversia.com.br\\\/#\\\/schema\\\/person\\\/890416adf48f0d52618900e97e15edf2\"},\"image\":{\"@id\":\"https:\\\/\\\/controversia.com.br\\\/2026\\\/09\\\/01\\\/agua-o-enganoso-mito-da-escassez\\\/#primaryimage\"},\"thumbnailUrl\":\"https:\\\/\\\/i0.wp.com\\\/controversia.com.br\\\/wp-content\\\/uploads\\\/2023\\\/08\\\/privatizacao-saneamento-agua-esgoto.jpg?fit=1000%2C593&ssl=1\",\"keywords\":[\"Polui\u00e7\u00e3o\"],\"articleSection\":[\"Meio ambiente\"],\"inLanguage\":\"pt-PT\",\"potentialAction\":[{\"@type\":\"CommentAction\",\"name\":\"Comment\",\"target\":[\"https:\\\/\\\/controversia.com.br\\\/2026\\\/09\\\/01\\\/agua-o-enganoso-mito-da-escassez\\\/#respond\"]}]},{\"@type\":\"WebPage\",\"@id\":\"https:\\\/\\\/controversia.com.br\\\/2026\\\/09\\\/01\\\/agua-o-enganoso-mito-da-escassez\\\/\",\"url\":\"https:\\\/\\\/controversia.com.br\\\/2026\\\/09\\\/01\\\/agua-o-enganoso-mito-da-escassez\\\/\",\"name\":\"\u00c1gua: o enganoso mito da Escassez - Controversia\",\"isPartOf\":{\"@id\":\"https:\\\/\\\/controversia.com.br\\\/#website\"},\"primaryImageOfPage\":{\"@id\":\"https:\\\/\\\/controversia.com.br\\\/2026\\\/09\\\/01\\\/agua-o-enganoso-mito-da-escassez\\\/#primaryimage\"},\"image\":{\"@id\":\"https:\\\/\\\/controversia.com.br\\\/2026\\\/09\\\/01\\\/agua-o-enganoso-mito-da-escassez\\\/#primaryimage\"},\"thumbnailUrl\":\"https:\\\/\\\/i0.wp.com\\\/controversia.com.br\\\/wp-content\\\/uploads\\\/2023\\\/08\\\/privatizacao-saneamento-agua-esgoto.jpg?fit=1000%2C593&ssl=1\",\"datePublished\":\"2026-09-01T15:19:49+00:00\",\"breadcrumb\":{\"@id\":\"https:\\\/\\\/controversia.com.br\\\/2026\\\/09\\\/01\\\/agua-o-enganoso-mito-da-escassez\\\/#breadcrumb\"},\"inLanguage\":\"pt-PT\",\"potentialAction\":[{\"@type\":\"ReadAction\",\"target\":[\"https:\\\/\\\/controversia.com.br\\\/2026\\\/09\\\/01\\\/agua-o-enganoso-mito-da-escassez\\\/\"]}]},{\"@type\":\"ImageObject\",\"inLanguage\":\"pt-PT\",\"@id\":\"https:\\\/\\\/controversia.com.br\\\/2026\\\/09\\\/01\\\/agua-o-enganoso-mito-da-escassez\\\/#primaryimage\",\"url\":\"https:\\\/\\\/i0.wp.com\\\/controversia.com.br\\\/wp-content\\\/uploads\\\/2023\\\/08\\\/privatizacao-saneamento-agua-esgoto.jpg?fit=1000%2C593&ssl=1\",\"contentUrl\":\"https:\\\/\\\/i0.wp.com\\\/controversia.com.br\\\/wp-content\\\/uploads\\\/2023\\\/08\\\/privatizacao-saneamento-agua-esgoto.jpg?fit=1000%2C593&ssl=1\",\"width\":1000,\"height\":593},{\"@type\":\"BreadcrumbList\",\"@id\":\"https:\\\/\\\/controversia.com.br\\\/2026\\\/09\\\/01\\\/agua-o-enganoso-mito-da-escassez\\\/#breadcrumb\",\"itemListElement\":[{\"@type\":\"ListItem\",\"position\":1,\"name\":\"In\u00edcio\",\"item\":\"https:\\\/\\\/controversia.com.br\\\/\"},{\"@type\":\"ListItem\",\"position\":2,\"name\":\"\u00c1gua: o enganoso mito da Escassez\"}]},{\"@type\":\"WebSite\",\"@id\":\"https:\\\/\\\/controversia.com.br\\\/#website\",\"url\":\"https:\\\/\\\/controversia.com.br\\\/\",\"name\":\"Controversia\",\"description\":\"Um site de leitura e debate\",\"publisher\":{\"@id\":\"https:\\\/\\\/controversia.com.br\\\/#\\\/schema\\\/person\\\/890416adf48f0d52618900e97e15edf2\"},\"potentialAction\":[{\"@type\":\"SearchAction\",\"target\":{\"@type\":\"EntryPoint\",\"urlTemplate\":\"https:\\\/\\\/controversia.com.br\\\/?s={search_term_string}\"},\"query-input\":{\"@type\":\"PropertyValueSpecification\",\"valueRequired\":true,\"valueName\":\"search_term_string\"}}],\"inLanguage\":\"pt-PT\"},{\"@type\":[\"Person\",\"Organization\"],\"@id\":\"https:\\\/\\\/controversia.com.br\\\/#\\\/schema\\\/person\\\/890416adf48f0d52618900e97e15edf2\",\"name\":\"Ricardo Alvarez\",\"image\":{\"@type\":\"ImageObject\",\"inLanguage\":\"pt-PT\",\"@id\":\"https:\\\/\\\/controversia.com.br\\\/wp-content\\\/uploads\\\/2020\\\/05\\\/Plano-de-Fundo-1015x1024.png\",\"url\":\"https:\\\/\\\/controversia.com.br\\\/wp-content\\\/uploads\\\/2020\\\/05\\\/Plano-de-Fundo-1015x1024.png\",\"contentUrl\":\"https:\\\/\\\/controversia.com.br\\\/wp-content\\\/uploads\\\/2020\\\/05\\\/Plano-de-Fundo-1015x1024.png\",\"width\":1015,\"height\":1024,\"caption\":\"Ricardo Alvarez\"},\"logo\":{\"@id\":\"https:\\\/\\\/controversia.com.br\\\/wp-content\\\/uploads\\\/2020\\\/05\\\/Plano-de-Fundo-1015x1024.png\"},\"description\":\"Professor, mestre em geografia urbana pela USP e criador do site Controv\u00e9rsia e escreve semanalmente.\",\"sameAs\":[\"http:\\\/\\\/controversia.com.br\",\"https:\\\/\\\/www.facebook.com\\\/Controversiascontemporaneas\\\/\",\"https:\\\/\\\/www.linkedin.com\\\/in\\\/controversia\\\/\",\"https:\\\/\\\/x.com\\\/https:\\\/\\\/twitter.com\\\/contro_versia\"]}]}<\/script>\n<!-- \/ Yoast SEO plugin. -->","yoast_head_json":{"title":"\u00c1gua: o enganoso mito da Escassez - Controversia","robots":{"index":"index","follow":"follow","max-snippet":"max-snippet:-1","max-image-preview":"max-image-preview:large","max-video-preview":"max-video-preview:-1"},"canonical":"https:\/\/controversia.com.br\/pt\/2026\/09\/01\/agua-o-enganoso-mito-da-escassez\/","og_locale":"pt_PT","og_type":"article","og_title":"\u00c1gua: o enganoso mito da Escassez - Controversia","og_description":"Hugo Oliveira &#8211; Diante do risco de crise h\u00eddrica em SP, diretor da Sabesp alega que empresa \u201cn\u00e3o fabrica\u201d o l\u00edquido. Por que a frase \u00e9 apenas uma meia verdade? O que ela tenta esconder sobre as responsabilidades da companhia, abandonada no p\u00f3s-privatiza\u00e7\u00e3o pela busca do lucro m\u00e1ximo? Recentemente, uma declara\u00e7\u00e3o do diretor regional da [&hellip;]","og_url":"https:\/\/controversia.com.br\/pt\/2026\/09\/01\/agua-o-enganoso-mito-da-escassez\/","og_site_name":"Controversia","article_publisher":"https:\/\/www.facebook.com\/Controversiascontemporaneas\/","article_author":"https:\/\/www.facebook.com\/Controversiascontemporaneas\/","article_published_time":"2026-09-01T15:19:49+00:00","og_image":[{"width":1000,"height":593,"url":"https:\/\/i0.wp.com\/controversia.com.br\/wp-content\/uploads\/2023\/08\/privatizacao-saneamento-agua-esgoto.jpg?fit=1000%2C593&ssl=1","type":"image\/jpeg"}],"author":"Ricardo Alvarez","twitter_card":"summary_large_image","twitter_creator":"@https:\/\/twitter.com\/contro_versia","twitter_site":"@contro_versia","twitter_misc":{"Escrito por":"Ricardo Alvarez","Tempo estimado de leitura":"4 minutos"},"schema":{"@context":"https:\/\/schema.org","@graph":[{"@type":"Article","@id":"https:\/\/controversia.com.br\/2026\/09\/01\/agua-o-enganoso-mito-da-escassez\/#article","isPartOf":{"@id":"https:\/\/controversia.com.br\/2026\/09\/01\/agua-o-enganoso-mito-da-escassez\/"},"author":{"name":"Ricardo Alvarez","@id":"https:\/\/controversia.com.br\/#\/schema\/person\/890416adf48f0d52618900e97e15edf2"},"headline":"\u00c1gua: o enganoso mito da Escassez","datePublished":"2026-09-01T15:19:49+00:00","mainEntityOfPage":{"@id":"https:\/\/controversia.com.br\/2026\/09\/01\/agua-o-enganoso-mito-da-escassez\/"},"wordCount":717,"commentCount":0,"publisher":{"@id":"https:\/\/controversia.com.br\/#\/schema\/person\/890416adf48f0d52618900e97e15edf2"},"image":{"@id":"https:\/\/controversia.com.br\/2026\/09\/01\/agua-o-enganoso-mito-da-escassez\/#primaryimage"},"thumbnailUrl":"https:\/\/i0.wp.com\/controversia.com.br\/wp-content\/uploads\/2023\/08\/privatizacao-saneamento-agua-esgoto.jpg?fit=1000%2C593&ssl=1","keywords":["Polui\u00e7\u00e3o"],"articleSection":["Meio ambiente"],"inLanguage":"pt-PT","potentialAction":[{"@type":"CommentAction","name":"Comment","target":["https:\/\/controversia.com.br\/2026\/09\/01\/agua-o-enganoso-mito-da-escassez\/#respond"]}]},{"@type":"WebPage","@id":"https:\/\/controversia.com.br\/2026\/09\/01\/agua-o-enganoso-mito-da-escassez\/","url":"https:\/\/controversia.com.br\/2026\/09\/01\/agua-o-enganoso-mito-da-escassez\/","name":"\u00c1gua: o enganoso mito da Escassez - Controversia","isPartOf":{"@id":"https:\/\/controversia.com.br\/#website"},"primaryImageOfPage":{"@id":"https:\/\/controversia.com.br\/2026\/09\/01\/agua-o-enganoso-mito-da-escassez\/#primaryimage"},"image":{"@id":"https:\/\/controversia.com.br\/2026\/09\/01\/agua-o-enganoso-mito-da-escassez\/#primaryimage"},"thumbnailUrl":"https:\/\/i0.wp.com\/controversia.com.br\/wp-content\/uploads\/2023\/08\/privatizacao-saneamento-agua-esgoto.jpg?fit=1000%2C593&ssl=1","datePublished":"2026-09-01T15:19:49+00:00","breadcrumb":{"@id":"https:\/\/controversia.com.br\/2026\/09\/01\/agua-o-enganoso-mito-da-escassez\/#breadcrumb"},"inLanguage":"pt-PT","potentialAction":[{"@type":"ReadAction","target":["https:\/\/controversia.com.br\/2026\/09\/01\/agua-o-enganoso-mito-da-escassez\/"]}]},{"@type":"ImageObject","inLanguage":"pt-PT","@id":"https:\/\/controversia.com.br\/2026\/09\/01\/agua-o-enganoso-mito-da-escassez\/#primaryimage","url":"https:\/\/i0.wp.com\/controversia.com.br\/wp-content\/uploads\/2023\/08\/privatizacao-saneamento-agua-esgoto.jpg?fit=1000%2C593&ssl=1","contentUrl":"https:\/\/i0.wp.com\/controversia.com.br\/wp-content\/uploads\/2023\/08\/privatizacao-saneamento-agua-esgoto.jpg?fit=1000%2C593&ssl=1","width":1000,"height":593},{"@type":"BreadcrumbList","@id":"https:\/\/controversia.com.br\/2026\/09\/01\/agua-o-enganoso-mito-da-escassez\/#breadcrumb","itemListElement":[{"@type":"ListItem","position":1,"name":"In\u00edcio","item":"https:\/\/controversia.com.br\/"},{"@type":"ListItem","position":2,"name":"\u00c1gua: o enganoso mito da Escassez"}]},{"@type":"WebSite","@id":"https:\/\/controversia.com.br\/#website","url":"https:\/\/controversia.com.br\/","name":"Controversia","description":"Um site de leitura e debate","publisher":{"@id":"https:\/\/controversia.com.br\/#\/schema\/person\/890416adf48f0d52618900e97e15edf2"},"potentialAction":[{"@type":"SearchAction","target":{"@type":"EntryPoint","urlTemplate":"https:\/\/controversia.com.br\/?s={search_term_string}"},"query-input":{"@type":"PropertyValueSpecification","valueRequired":true,"valueName":"search_term_string"}}],"inLanguage":"pt-PT"},{"@type":["Person","Organization"],"@id":"https:\/\/controversia.com.br\/#\/schema\/person\/890416adf48f0d52618900e97e15edf2","name":"Ricardo Alvarez","image":{"@type":"ImageObject","inLanguage":"pt-PT","@id":"https:\/\/controversia.com.br\/wp-content\/uploads\/2020\/05\/Plano-de-Fundo-1015x1024.png","url":"https:\/\/controversia.com.br\/wp-content\/uploads\/2020\/05\/Plano-de-Fundo-1015x1024.png","contentUrl":"https:\/\/controversia.com.br\/wp-content\/uploads\/2020\/05\/Plano-de-Fundo-1015x1024.png","width":1015,"height":1024,"caption":"Ricardo Alvarez"},"logo":{"@id":"https:\/\/controversia.com.br\/wp-content\/uploads\/2020\/05\/Plano-de-Fundo-1015x1024.png"},"description":"Professor, mestre em geografia urbana pela USP e criador do site Controv\u00e9rsia e escreve semanalmente.","sameAs":["http:\/\/controversia.com.br","https:\/\/www.facebook.com\/Controversiascontemporaneas\/","https:\/\/www.linkedin.com\/in\/controversia\/","https:\/\/x.com\/https:\/\/twitter.com\/contro_versia"]}]}},"jetpack_publicize_connections":[],"jetpack_sharing_enabled":true,"jetpack_likes_enabled":true,"jetpack-related-posts":[],"jetpack_featured_media_url":"https:\/\/i0.wp.com\/controversia.com.br\/wp-content\/uploads\/2023\/08\/privatizacao-saneamento-agua-esgoto.jpg?fit=1000%2C593&ssl=1","_links":{"self":[{"href":"https:\/\/controversia.com.br\/pt\/wp-json\/wp\/v2\/posts\/25352","targetHints":{"allow":["GET"]}}],"collection":[{"href":"https:\/\/controversia.com.br\/pt\/wp-json\/wp\/v2\/posts"}],"about":[{"href":"https:\/\/controversia.com.br\/pt\/wp-json\/wp\/v2\/types\/post"}],"author":[{"embeddable":true,"href":"https:\/\/controversia.com.br\/pt\/wp-json\/wp\/v2\/users\/1"}],"replies":[{"embeddable":true,"href":"https:\/\/controversia.com.br\/pt\/wp-json\/wp\/v2\/comments?post=25352"}],"version-history":[{"count":1,"href":"https:\/\/controversia.com.br\/pt\/wp-json\/wp\/v2\/posts\/25352\/revisions"}],"predecessor-version":[{"id":25353,"href":"https:\/\/controversia.com.br\/pt\/wp-json\/wp\/v2\/posts\/25352\/revisions\/25353"}],"wp:featuredmedia":[{"embeddable":true,"href":"https:\/\/controversia.com.br\/pt\/wp-json\/wp\/v2\/media\/19785"}],"wp:attachment":[{"href":"https:\/\/controversia.com.br\/pt\/wp-json\/wp\/v2\/media?parent=25352"}],"wp:term":[{"taxonomy":"category","embeddable":true,"href":"https:\/\/controversia.com.br\/pt\/wp-json\/wp\/v2\/categories?post=25352"},{"taxonomy":"post_tag","embeddable":true,"href":"https:\/\/controversia.com.br\/pt\/wp-json\/wp\/v2\/tags?post=25352"}],"curies":[{"name":"wp","href":"https:\/\/api.w.org\/{rel}","templated":true}]}}